{"id":36598,"date":"2023-06-30T00:00:00","date_gmt":"2023-06-29T22:00:00","guid":{"rendered":"https:\/\/lexia.studioup.site\/tecnologias-de-reconocimiento-facial-con-gran-poder-viene-gran-responsabilidad\/"},"modified":"2024-08-29T12:20:45","modified_gmt":"2024-08-29T10:20:45","slug":"tecnologias-reconocimiento-facial","status":"publish","type":"post","link":"https:\/\/www.lexia.it\/es\/2023\/06\/30\/tecnologias-reconocimiento-facial\/","title":{"rendered":"TECNOLOG\u00cdAS DE RECONOCIMIENTO FACIAL: con gran poder viene gran responsabilidad."},"content":{"rendered":"<p>&#8216;- Escrito por <a href=\"https:\/\/www.lexia.it\/es\/lawyers\/abogada-aurora-agostini\/\">Aurora Agostini, <\/a><a href=\"https:\/\/www.lexia.it\/es\/lawyers\/dra-jessica-giussani\/\">Jessica Giussani<\/a> y Giorgia Rastelli<\/p>\n<p>El 14 de junio de 2023, el Parlamento Europeo propuso la primera ley europea sobre inteligencia artificial (la \u00abLey de IA\u00bb), la cual, tras la aprobaci\u00f3n de la Uni\u00f3n Europea, se espera que entre en vigor a partir del pr\u00f3ximo a\u00f1o. Este evento refuerza a\u00fan m\u00e1s la posici\u00f3n de Europa como centro de un acalorado debate sobre tecnolog\u00edas biom\u00e9tricas (tambi\u00e9n conocidas como biometr\u00eda), es decir, \u00abtodos los procesos automatizados utilizados para reconocer a una persona mediante la cuantificaci\u00f3n de caracter\u00edsticas f\u00edsicas, fisiol\u00f3gicas o conductuales [&#8230;]\u00bb.<\/p>\n<p>Dentro de esta categor\u00eda tambi\u00e9n se encuentra el reconocimiento facial, que permite el reconocimiento autom\u00e1tico de personas \u00abbasado en su rostro con el fin de autenticar o identificarlas\u00bb.<\/p>\n<h2>C\u00f3mo funciona el reconocimiento facial<\/h2>\n<p>El reconocimiento facial se basa en capturar la imagen del rostro de una persona y extraer sus caracter\u00edsticas \u00fanicas para crear una representaci\u00f3n digital, conocida como plantilla biom\u00e9trica, que se almacena en una base de datos. El sistema luego realiza una comparaci\u00f3n entre la plantilla obtenida y las ya presentes en la base de datos para verificar posibles coincidencias.<\/p>\n<p>Cabe mencionar que el reconocimiento facial es una tecnolog\u00eda probabil\u00edstica, lo que significa que las coincidencias se establecen en base a la probabilidad de que la persona \u00abexaminada\u00bb sea realmente la persona que el sistema busca.<\/p>\n<h2>Aplicaciones de la inteligencia artificial<\/h2>\n<p>Destacadamente, los sistemas de reconocimiento facial pueden tener dos funcionalidades:<\/p>\n<ul>\n<li><strong>Autenticaci\u00f3n de un sujeto<\/strong>: esta funci\u00f3n tambi\u00e9n se conoce como \u00abverificaci\u00f3n uno a uno\u00bb, ya que la actividad del sistema est\u00e1 dirigida a verificar la identidad del sujeto. De hecho, el sistema compara la plantilla en tiempo real de la persona con la que ya forma parte de la base de datos para verificar si hay una coincidencia entre ambas. Un ejemplo de sistema de autenticaci\u00f3n es la funci\u00f3n de reconocimiento facial que permite desbloquear un tel\u00e9fono inteligente.<\/li>\n<li><strong>Identificaci\u00f3n de un sujeto<\/strong>: esta funci\u00f3n tambi\u00e9n se conoce como \u00abverificaci\u00f3n uno a muchos\u00bb, ya que el sistema compara todas las plantillas capturadas en un momento espec\u00edfico con una plantilla espec\u00edfica ya presente en la base de datos. El prop\u00f3sito del sistema es identificar a una persona espec\u00edfica dentro de un grupo de personas o una \u00e1rea geogr\u00e1fica. Un ejemplo de este tipo de sistema es el sistema de reconocimiento facial aprobado para el Estadio Ol\u00edmpico de Roma, que se supon\u00eda permitir\u00eda la identificaci\u00f3n de delincuentes a quienes se les proh\u00edbe el acceso a lugares p\u00fablicos como estadios deportivos.<\/li>\n<\/ul>\n<h2>Risks of artificial intelligence<\/h2>\n<p>En relaci\u00f3n al punto (2.) anteriormente mencionado, la Ley de Inteligencia Artificial (AI Act) prohibir\u00eda el uso de sistemas inmediatos de identificaci\u00f3n biom\u00e9trica en espacios de acceso p\u00fablico, sin excepci\u00f3n. Sin embargo, los sistemas remotos a\u00fan podr\u00edan utilizarse para la persecuci\u00f3n de delitos graves y con autorizaci\u00f3n judicial.<\/p>\n<p>El AI Act establecer\u00eda un sistema de normas dividido en diferentes niveles de riesgo, estableciendo obligaciones para proveedores y usuarios:<\/p>\n<ul>\n<li>En la categor\u00eda m\u00e1s alta, la de riesgo inaceptable, los sistemas de inteligencia artificial que representen una amenaza para las personas estar\u00e1n prohibidos. Esto incluye la manipulaci\u00f3n cognitiva del comportamiento de individuos o grupos vulnerables, la puntuaci\u00f3n social que clasifica a las personas seg\u00fan su comportamiento, nivel socioecon\u00f3mico y caracter\u00edsticas personales, as\u00ed como los sistemas de identificaci\u00f3n biom\u00e9trica en tiempo real y remota, como el reconocimiento facial.<\/li>\n<li>Los sistemas de IA que tienen un impacto negativo en la seguridad o los derechos fundamentales se clasificar\u00e1n como de alto riesgo. Alto riesgo se refiere a un \u00abriesgo significativo\u00bb de da\u00f1o a la salud, seguridad o derechos fundamentales. En este caso, el AI Act no proh\u00edbe su implementaci\u00f3n, pero impone requisitos espec\u00edficos que deben cumplirse.<\/li>\n<li>Los sistemas de inteligencia artificial con riesgo limitado deber\u00e1n cumplir con requisitos m\u00ednimos de transparencia para permitir a los usuarios tomar decisiones informadas. Esto incluye los sistemas de IA que generan o manipulan contenido de im\u00e1genes, audio o video.<\/li>\n<li>En el caso de escenarios de bajo riesgo, no se impone ninguna obligaci\u00f3n legal.<\/li>\n<\/ul>\n<h2>AI privacidad y seguridad<\/h2>\n<p>En cualquier caso, independientemente de la actividad realizada por el sistema, el reconocimiento facial implica el procesamiento de datos personales, en particular, datos biom\u00e9tricos. Cabe se\u00f1alar que los \u00abdatos biom\u00e9tricos con el fin de identificar de manera \u00fanica a una persona\u00bb entran dentro de la definici\u00f3n de \u00abcategor\u00edas especiales de datos\u00bb establecida en el art\u00edculo 9 del GDPR, que tambi\u00e9n garantiza una protecci\u00f3n reforzada para este tipo de datos debido a su naturaleza sensible. Por esta raz\u00f3n, la adopci\u00f3n de un sistema de reconocimiento facial requiere necesariamente ser examinada a trav\u00e9s del prisma del Reglamento de Protecci\u00f3n de Datos n\u00famero 2016\/679 (\u00abGDPR\u00bb) y la Directiva sobre Aplicaci\u00f3n de la Ley<a href=\"#_ftn1\"><sup>[1]<\/sup><\/a> (\u201c<strong>LED<\/strong>\u201d) para establecer si esta tecnolog\u00eda puede ser compatible con los derechos otorgados por los Art\u00edculos 7 y 8 del Convenio Europeo de Derechos Humanos (\u00abECHR\u00bb), es decir, el derecho al respeto de la vida privada y las comunicaciones y el derecho a la protecci\u00f3n de los datos personales.<\/p>\n<h2>AI and RGPD<\/h2>\n<p>Es importante tener en cuenta que, para que estos sistemas cumplan con el RGPD (o la LED), su adopci\u00f3n debe ser estrictamente necesaria y proporcional para los fines previstos, y justificada por una de las bases legales previstas por el Reglamento. Considerando la naturaleza de los datos involucrados, se podr\u00eda asumir que obtener el consentimiento ser\u00eda la forma m\u00e1s segura y f\u00e1cil de garantizar un procesamiento legal. Sin embargo, esto solo es cierto si el responsable del tratamiento de datos es una empresa privada.<\/p>\n<p>Si el reconocimiento facial es utilizado por una autoridad p\u00fablica, se requiere una justificaci\u00f3n diferente para la actividad de procesamiento, espec\u00edficamente \u00ablos fines de prevenci\u00f3n, investigaci\u00f3n, detecci\u00f3n o enjuiciamiento de delitos penales o la ejecuci\u00f3n de sanciones penales, incluida la protecci\u00f3n y prevenci\u00f3n de amenazas a la seguridad p\u00fablica\u00bb. Sin embargo, esto no implica que las actividades de procesamiento puedan llevarse a cabo en cualquier circunstancia sin informar adecuadamente a los sujetos de datos. Hacerlo no solo violar\u00eda las regulaciones de protecci\u00f3n de datos, sino que tambi\u00e9n crear\u00eda una sensaci\u00f3n generalizada de vigilancia constante, lo cual infringir\u00eda otros derechos fundamentales como el derecho a la libertad de expresi\u00f3n (Art\u00edculo 10 del CEDH) y el derecho a la libertad de asociaci\u00f3n (Art\u00edculo 11 del CEDH).<\/p>\n<h2>Vigilancia AI<\/h2>\n<p>Otro aspecto que debe tenerse en cuenta es que el marco legal de protecci\u00f3n de datos incluye el derecho de las personas a \u00abno ser objeto de una decisi\u00f3n basada \u00fanicamente en el tratamiento automatizado, incluida la elaboraci\u00f3n de perfiles, que produzca efectos jur\u00eddicos que le afecten o le afecten significativamente de manera similar\u00bb (Art\u00edculo 22 del RGPD y Art\u00edculo 11 de la LED).<\/p>\n<p>Esta disposici\u00f3n garantiza que las personas tengan derecho a la supervisi\u00f3n humana de la actividad de procesamiento y la posibilidad de optar por no participar en el procesamiento automatizado, permitiendo que sus datos sean evaluados por un ser humano. Esta garant\u00eda es particularmente importante debido a dos factores:<\/p>\n<ul>\n<li>os sistemas de reconocimiento facial manejan datos sensibles.<\/li>\n<li>la actividad de procesamiento puede dar lugar a la elaboraci\u00f3n de perfiles y posibles resultados discriminatorios.<\/li>\n<\/ul>\n<p>En conclusi\u00f3n, cabe se\u00f1alar que el marco legal existente sobre el reconocimiento facial pronto experimentar\u00e1 cambios con la pr\u00f3xima implementaci\u00f3n del AI Act. Esta nueva regulaci\u00f3n adopta una postura m\u00e1s rigurosa hacia las tecnolog\u00edas de reconocimiento facial al clasificarlas como \u00abSistemas de Inteligencia Artificial de Alto Riesgo\u00bb y establecer requisitos estrictos de conformidad y obligaciones de cumplimiento.<\/p>\n<p><a name=\"_ftn1\"><\/a><\/p>\n<p><sup>[1]<\/sup>Directiva (UE) 2016\/680 sobre la protecci\u00f3n de las personas f\u00edsicas en lo que respecta al tratamiento de datos personales por parte de las autoridades competentes con fines de prevenci\u00f3n, investigaci\u00f3n, detecci\u00f3n o enjuiciamiento de delitos penales o la ejecuci\u00f3n de sanciones penales, y sobre la libre circulaci\u00f3n de dichos datos.<\/p>\n","protected":false},"excerpt":{"rendered":"<p>&#8216;- Escrito por Aurora Agostini, Jessica Giussani y Giorgia Rastelli El 14 de junio de 2023, el Parlamento Europeo propuso la primera ley europea sobre inteligencia artificial (la \u00abLey de IA\u00bb), la cual, tras la aprobaci\u00f3n de la Uni\u00f3n Europea, se espera que entre en vigor a partir del pr\u00f3ximo a\u00f1o. Este evento refuerza a\u00fan &hellip; <a href=\"https:\/\/www.lexia.it\/es\/2023\/06\/30\/tecnologias-reconocimiento-facial\/\">Continued<\/a><\/p>\n","protected":false},"author":10,"featured_media":39475,"comment_status":"closed","ping_status":"closed","sticky":false,"template":"","format":"standard","meta":{"inline_featured_image":false,"footnotes":""},"categories":[],"tags":[537,540],"area":[672],"collana":[],"competenza":[749],"class_list":["post-36598","post","type-post","status-publish","format-standard","has-post-thumbnail","hentry","tag-privacidad-datos-e-innovacion-tecnologica","tag-publicaciones","area-law-es","competenza-innovacion-datos-tecnologia"],"acf":[],"yoast_head":"<!-- This site is optimized with the Yoast SEO plugin v25.8 - https:\/\/yoast.com\/wordpress\/plugins\/seo\/ -->\n<title>Tecnolog\u00edas de reconocimiento facial - LEXIA<\/title>\n<meta name=\"description\" content=\"El 14 de junio de 2023, el Parlamento Europeo propuso la primera ley europea sobre inteligencia artificial (la &quot;Ley de IA&quot;).\" \/>\n<meta name=\"robots\" content=\"index, follow, max-snippet:-1, max-image-preview:large, max-video-preview:-1\" \/>\n<link rel=\"canonical\" href=\"https:\/\/www.lexia.it\/es\/2023\/06\/30\/tecnologias-reconocimiento-facial\/\" \/>\n<meta property=\"og:locale\" content=\"es_ES\" \/>\n<meta property=\"og:type\" content=\"article\" \/>\n<meta property=\"og:title\" content=\"Tecnolog\u00edas de reconocimiento facial - LEXIA\" \/>\n<meta property=\"og:description\" content=\"El 14 de junio de 2023, el Parlamento Europeo propuso la primera ley europea sobre inteligencia artificial (la &quot;Ley de IA&quot;).\" \/>\n<meta property=\"og:url\" content=\"https:\/\/www.lexia.it\/es\/2023\/06\/30\/tecnologias-reconocimiento-facial\/\" \/>\n<meta property=\"og:site_name\" content=\"LEXIA\" \/>\n<meta property=\"article:published_time\" content=\"2023-06-29T22:00:00+00:00\" \/>\n<meta property=\"article:modified_time\" content=\"2024-08-29T10:20:45+00:00\" \/>\n<meta property=\"og:image\" content=\"https:\/\/www.lexia.it\/wp-content\/uploads\/2023\/02\/data6.jpg\" \/>\n\t<meta property=\"og:image:width\" content=\"1200\" \/>\n\t<meta property=\"og:image:height\" content=\"800\" \/>\n\t<meta property=\"og:image:type\" content=\"image\/jpeg\" \/>\n<meta name=\"author\" content=\"Samantha Ferrara\" \/>\n<meta name=\"twitter:card\" content=\"summary_large_image\" \/>\n<meta name=\"twitter:label1\" content=\"Escrito por\" \/>\n\t<meta name=\"twitter:data1\" content=\"Samantha Ferrara\" \/>\n\t<meta name=\"twitter:label2\" content=\"Tiempo de lectura\" \/>\n\t<meta name=\"twitter:data2\" content=\"8 minutos\" \/>\n<script type=\"application\/ld+json\" class=\"yoast-schema-graph\">{\"@context\":\"https:\/\/schema.org\",\"@graph\":[{\"@type\":\"WebPage\",\"@id\":\"https:\/\/www.lexia.it\/es\/2023\/06\/30\/tecnologias-reconocimiento-facial\/\",\"url\":\"https:\/\/www.lexia.it\/es\/2023\/06\/30\/tecnologias-reconocimiento-facial\/\",\"name\":\"Tecnolog\u00edas de reconocimiento facial - LEXIA\",\"isPartOf\":{\"@id\":\"https:\/\/www.lexia.it\/#website\"},\"primaryImageOfPage\":{\"@id\":\"https:\/\/www.lexia.it\/es\/2023\/06\/30\/tecnologias-reconocimiento-facial\/#primaryimage\"},\"image\":{\"@id\":\"https:\/\/www.lexia.it\/es\/2023\/06\/30\/tecnologias-reconocimiento-facial\/#primaryimage\"},\"thumbnailUrl\":\"https:\/\/www.lexia.it\/wp-content\/uploads\/2023\/02\/data6.jpg\",\"datePublished\":\"2023-06-29T22:00:00+00:00\",\"dateModified\":\"2024-08-29T10:20:45+00:00\",\"author\":{\"@id\":\"https:\/\/www.lexia.it\/#\/schema\/person\/c70bfd5daaa00ba857342154b0196b1b\"},\"description\":\"El 14 de junio de 2023, el Parlamento Europeo propuso la primera ley europea sobre inteligencia artificial (la \\\"Ley de IA\\\").\",\"breadcrumb\":{\"@id\":\"https:\/\/www.lexia.it\/es\/2023\/06\/30\/tecnologias-reconocimiento-facial\/#breadcrumb\"},\"inLanguage\":\"es\",\"potentialAction\":[{\"@type\":\"ReadAction\",\"target\":[\"https:\/\/www.lexia.it\/es\/2023\/06\/30\/tecnologias-reconocimiento-facial\/\"]}]},{\"@type\":\"ImageObject\",\"inLanguage\":\"es\",\"@id\":\"https:\/\/www.lexia.it\/es\/2023\/06\/30\/tecnologias-reconocimiento-facial\/#primaryimage\",\"url\":\"https:\/\/www.lexia.it\/wp-content\/uploads\/2023\/02\/data6.jpg\",\"contentUrl\":\"https:\/\/www.lexia.it\/wp-content\/uploads\/2023\/02\/data6.jpg\",\"width\":1200,\"height\":800},{\"@type\":\"BreadcrumbList\",\"@id\":\"https:\/\/www.lexia.it\/es\/2023\/06\/30\/tecnologias-reconocimiento-facial\/#breadcrumb\",\"itemListElement\":[{\"@type\":\"ListItem\",\"position\":1,\"name\":\"Home\",\"item\":\"https:\/\/www.lexia.it\/es\/\"},{\"@type\":\"ListItem\",\"position\":2,\"name\":\"TECNOLOG\u00cdAS DE RECONOCIMIENTO FACIAL: con gran poder viene gran responsabilidad.\"}]},{\"@type\":\"WebSite\",\"@id\":\"https:\/\/www.lexia.it\/#website\",\"url\":\"https:\/\/www.lexia.it\/\",\"name\":\"LEXIA\",\"description\":\"\",\"potentialAction\":[{\"@type\":\"SearchAction\",\"target\":{\"@type\":\"EntryPoint\",\"urlTemplate\":\"https:\/\/www.lexia.it\/?s={search_term_string}\"},\"query-input\":{\"@type\":\"PropertyValueSpecification\",\"valueRequired\":true,\"valueName\":\"search_term_string\"}}],\"inLanguage\":\"es\"},{\"@type\":\"Person\",\"@id\":\"https:\/\/www.lexia.it\/#\/schema\/person\/c70bfd5daaa00ba857342154b0196b1b\",\"name\":\"Samantha Ferrara\",\"image\":{\"@type\":\"ImageObject\",\"inLanguage\":\"es\",\"@id\":\"https:\/\/www.lexia.it\/#\/schema\/person\/image\/\",\"url\":\"https:\/\/secure.gravatar.com\/avatar\/f5834e20f5f02c7c4cb368ca42da83e9875dbb8ec93878eb440f316a9b50ce36?s=96&d=mm&r=g\",\"contentUrl\":\"https:\/\/secure.gravatar.com\/avatar\/f5834e20f5f02c7c4cb368ca42da83e9875dbb8ec93878eb440f316a9b50ce36?s=96&d=mm&r=g\",\"caption\":\"Samantha Ferrara\"},\"url\":\"https:\/\/www.lexia.it\/es\/author\/samantha-ferrara\/\"}]}<\/script>\n<!-- \/ Yoast SEO plugin. -->","yoast_head_json":{"title":"Tecnolog\u00edas de reconocimiento facial - LEXIA","description":"El 14 de junio de 2023, el Parlamento Europeo propuso la primera ley europea sobre inteligencia artificial (la \"Ley de IA\").","robots":{"index":"index","follow":"follow","max-snippet":"max-snippet:-1","max-image-preview":"max-image-preview:large","max-video-preview":"max-video-preview:-1"},"canonical":"https:\/\/www.lexia.it\/es\/2023\/06\/30\/tecnologias-reconocimiento-facial\/","og_locale":"es_ES","og_type":"article","og_title":"Tecnolog\u00edas de reconocimiento facial - LEXIA","og_description":"El 14 de junio de 2023, el Parlamento Europeo propuso la primera ley europea sobre inteligencia artificial (la \"Ley de IA\").","og_url":"https:\/\/www.lexia.it\/es\/2023\/06\/30\/tecnologias-reconocimiento-facial\/","og_site_name":"LEXIA","article_published_time":"2023-06-29T22:00:00+00:00","article_modified_time":"2024-08-29T10:20:45+00:00","og_image":[{"width":1200,"height":800,"url":"https:\/\/www.lexia.it\/wp-content\/uploads\/2023\/02\/data6.jpg","type":"image\/jpeg"}],"author":"Samantha Ferrara","twitter_card":"summary_large_image","twitter_misc":{"Escrito por":"Samantha Ferrara","Tiempo de lectura":"8 minutos"},"schema":{"@context":"https:\/\/schema.org","@graph":[{"@type":"WebPage","@id":"https:\/\/www.lexia.it\/es\/2023\/06\/30\/tecnologias-reconocimiento-facial\/","url":"https:\/\/www.lexia.it\/es\/2023\/06\/30\/tecnologias-reconocimiento-facial\/","name":"Tecnolog\u00edas de reconocimiento facial - LEXIA","isPartOf":{"@id":"https:\/\/www.lexia.it\/#website"},"primaryImageOfPage":{"@id":"https:\/\/www.lexia.it\/es\/2023\/06\/30\/tecnologias-reconocimiento-facial\/#primaryimage"},"image":{"@id":"https:\/\/www.lexia.it\/es\/2023\/06\/30\/tecnologias-reconocimiento-facial\/#primaryimage"},"thumbnailUrl":"https:\/\/www.lexia.it\/wp-content\/uploads\/2023\/02\/data6.jpg","datePublished":"2023-06-29T22:00:00+00:00","dateModified":"2024-08-29T10:20:45+00:00","author":{"@id":"https:\/\/www.lexia.it\/#\/schema\/person\/c70bfd5daaa00ba857342154b0196b1b"},"description":"El 14 de junio de 2023, el Parlamento Europeo propuso la primera ley europea sobre inteligencia artificial (la \"Ley de IA\").","breadcrumb":{"@id":"https:\/\/www.lexia.it\/es\/2023\/06\/30\/tecnologias-reconocimiento-facial\/#breadcrumb"},"inLanguage":"es","potentialAction":[{"@type":"ReadAction","target":["https:\/\/www.lexia.it\/es\/2023\/06\/30\/tecnologias-reconocimiento-facial\/"]}]},{"@type":"ImageObject","inLanguage":"es","@id":"https:\/\/www.lexia.it\/es\/2023\/06\/30\/tecnologias-reconocimiento-facial\/#primaryimage","url":"https:\/\/www.lexia.it\/wp-content\/uploads\/2023\/02\/data6.jpg","contentUrl":"https:\/\/www.lexia.it\/wp-content\/uploads\/2023\/02\/data6.jpg","width":1200,"height":800},{"@type":"BreadcrumbList","@id":"https:\/\/www.lexia.it\/es\/2023\/06\/30\/tecnologias-reconocimiento-facial\/#breadcrumb","itemListElement":[{"@type":"ListItem","position":1,"name":"Home","item":"https:\/\/www.lexia.it\/es\/"},{"@type":"ListItem","position":2,"name":"TECNOLOG\u00cdAS DE RECONOCIMIENTO FACIAL: con gran poder viene gran responsabilidad."}]},{"@type":"WebSite","@id":"https:\/\/www.lexia.it\/#website","url":"https:\/\/www.lexia.it\/","name":"LEXIA","description":"","potentialAction":[{"@type":"SearchAction","target":{"@type":"EntryPoint","urlTemplate":"https:\/\/www.lexia.it\/?s={search_term_string}"},"query-input":{"@type":"PropertyValueSpecification","valueRequired":true,"valueName":"search_term_string"}}],"inLanguage":"es"},{"@type":"Person","@id":"https:\/\/www.lexia.it\/#\/schema\/person\/c70bfd5daaa00ba857342154b0196b1b","name":"Samantha Ferrara","image":{"@type":"ImageObject","inLanguage":"es","@id":"https:\/\/www.lexia.it\/#\/schema\/person\/image\/","url":"https:\/\/secure.gravatar.com\/avatar\/f5834e20f5f02c7c4cb368ca42da83e9875dbb8ec93878eb440f316a9b50ce36?s=96&d=mm&r=g","contentUrl":"https:\/\/secure.gravatar.com\/avatar\/f5834e20f5f02c7c4cb368ca42da83e9875dbb8ec93878eb440f316a9b50ce36?s=96&d=mm&r=g","caption":"Samantha Ferrara"},"url":"https:\/\/www.lexia.it\/es\/author\/samantha-ferrara\/"}]}},"_links":{"self":[{"href":"https:\/\/www.lexia.it\/es\/wp-json\/wp\/v2\/posts\/36598","targetHints":{"allow":["GET"]}}],"collection":[{"href":"https:\/\/www.lexia.it\/es\/wp-json\/wp\/v2\/posts"}],"about":[{"href":"https:\/\/www.lexia.it\/es\/wp-json\/wp\/v2\/types\/post"}],"author":[{"embeddable":true,"href":"https:\/\/www.lexia.it\/es\/wp-json\/wp\/v2\/users\/10"}],"replies":[{"embeddable":true,"href":"https:\/\/www.lexia.it\/es\/wp-json\/wp\/v2\/comments?post=36598"}],"version-history":[{"count":4,"href":"https:\/\/www.lexia.it\/es\/wp-json\/wp\/v2\/posts\/36598\/revisions"}],"predecessor-version":[{"id":45645,"href":"https:\/\/www.lexia.it\/es\/wp-json\/wp\/v2\/posts\/36598\/revisions\/45645"}],"wp:featuredmedia":[{"embeddable":true,"href":"https:\/\/www.lexia.it\/es\/wp-json\/wp\/v2\/media\/39475"}],"wp:attachment":[{"href":"https:\/\/www.lexia.it\/es\/wp-json\/wp\/v2\/media?parent=36598"}],"wp:term":[{"taxonomy":"category","embeddable":true,"href":"https:\/\/www.lexia.it\/es\/wp-json\/wp\/v2\/categories?post=36598"},{"taxonomy":"post_tag","embeddable":true,"href":"https:\/\/www.lexia.it\/es\/wp-json\/wp\/v2\/tags?post=36598"},{"taxonomy":"area","embeddable":true,"href":"https:\/\/www.lexia.it\/es\/wp-json\/wp\/v2\/area?post=36598"},{"taxonomy":"collana","embeddable":true,"href":"https:\/\/www.lexia.it\/es\/wp-json\/wp\/v2\/collana?post=36598"},{"taxonomy":"competenza","embeddable":true,"href":"https:\/\/www.lexia.it\/es\/wp-json\/wp\/v2\/competenza?post=36598"}],"curies":[{"name":"wp","href":"https:\/\/api.w.org\/{rel}","templated":true}]}}